{"id":4005,"date":"2023-12-08T09:00:30","date_gmt":"2023-12-08T08:00:30","guid":{"rendered":"https:\/\/hospizverein-wattenscheid.de\/neu\/?p=4005"},"modified":"2023-12-13T08:11:06","modified_gmt":"2023-12-13T07:11:06","slug":"30-jahre-hospizverein-wattenscheid-2","status":"publish","type":"post","link":"https:\/\/hospizverein-wattenscheid.de\/neu\/2023\/12\/08\/30-jahre-hospizverein-wattenscheid-2\/","title":{"rendered":"30 Jahre Hospizverein Wattenscheid"},"content":{"rendered":"<div class=\"fusion-fullwidth fullwidth-box fusion-builder-row-1 fusion-flex-container nonhundred-percent-fullwidth non-hundred-percent-height-scrolling\" style=\"--awb-border-radius-top-left:0px;--awb-border-radius-top-right:0px;--awb-border-radius-bottom-right:0px;--awb-border-radius-bottom-left:0px;--awb-flex-wrap:wrap;\" ><div class=\"fusion-builder-row fusion-row fusion-flex-align-items-flex-start fusion-flex-content-wrap\" style=\"max-width:1331.2px;margin-left: calc(-4% \/ 2 );margin-right: calc(-4% \/ 2 );\"><div class=\"fusion-layout-column fusion_builder_column fusion-builder-column-0 fusion_builder_column_1_1 1_1 fusion-flex-column\" style=\"--awb-bg-size:cover;--awb-width-large:100%;--awb-margin-top-large:0px;--awb-spacing-right-large:1.92%;--awb-margin-bottom-large:0px;--awb-spacing-left-large:1.92%;--awb-width-medium:100%;--awb-spacing-right-medium:1.92%;--awb-spacing-left-medium:1.92%;--awb-width-small:100%;--awb-spacing-right-small:1.92%;--awb-spacing-left-small:1.92%;\"><div class=\"fusion-column-wrapper fusion-flex-justify-content-flex-start fusion-content-layout-column\"><div class=\"fusion-text fusion-text-1\"><p>Artikel in der online-Ausgabe von halloWAT vom 8. Dezember 2023<\/p>\n<h1>30 Jahre Hospizverein Wattenscheid<\/h1>\n<h3>Reflexion \u00fcber Vergangenes und Ausblick auf die Zukunft<\/h3>\n<p><strong><em>Ein drei\u00dfigj\u00e4hriges Jubil\u00e4um ist nicht nur ein Anlass zum Feiern, sondern auch ein Moment der Reflexion \u00fcber Vergangenes und Ausblick auf die Zukunft. Der Hospizverein Wattenscheid feierte sein 30-j\u00e4hriges Bestehen in der festlich geschm\u00fcckten Alten Lohnhalle Wattenscheid.\u2028<\/em><\/strong><\/p>\n<p>Am Abend des Jubil\u00e4ums versammelten sich insgesamt 65 ehemalige und aktive sowie ehrenamtlich und hauptamtlich engagierte Mitarbeiterinnen und Mitarbeiter in der liebevoll dekorierten Halle. Die festlich geschm\u00fcckten Tische luden die G\u00e4ste zu einem Abend ein, der nicht nur dem R\u00fcckblick auf drei bewegte Jahrzehnte gewidmet war, sondern auch dem Dank an all jene, die den Hospizverein zu dem gemacht haben, was er heute ist.<\/p>\n<h2>R\u00fcckblick und Festrede<\/h2>\n<p>Die Veranstaltung wurde vom ehrenamtlichen Gesch\u00e4ftsf\u00fchrer Wolfgang Jaspert er\u00f6ffnet. Er begr\u00fc\u00dfte unter allen G\u00e4sten auch f\u00fcnf Gr\u00fcndungsmitglieder, die vor 30 Jahren den Grundstein f\u00fcr die wichtige Arbeit des Vereins legten. Ein besonderer Applaus galt der Botschafterin des Hospizvereins, der \u00fcberregional bekannten Kabarettistin Esther M\u00fcnch.<\/p>\n<p>Die amtierende Vorsitzende Anke Schulz-Najda hielt im Anschluss die Festrede zum 30-j\u00e4hrigen Bestehen des Hospizvereins. In einem kurzen R\u00fcckblick auf die vergangenen Jahrzehnte w\u00fcrdigte sie die Entwicklung des Vereins und den Beitrag jedes Einzelnen. Ein H\u00f6hepunkt des Abends sollte die Verleihung der Ehrenmitgliedschaft an Siegfried Schirmer sein, der von 2001 bis 2019 ehrenamtlich als gesch\u00e4ftsf\u00fchrendes Vorstandsmitglied t\u00e4tig war. Diese Auszeichnung sollte seinen au\u00dfergew\u00f6hnlichen Einsatz und seine wegweisende Rolle f\u00fcr den Verein ehren. Leider konnte Herr Schirmer aufgrund einer Erkrankung nicht an der Feier teilnehmen. Die Ehrenmitgliedschaft wird ihm bei der n\u00e4chsten Mitgliederversammlung des Vereins verliehen. Die Leitende Koordinatorin Regina Battling nutzte die Gelegenheit, sich bei allen aktiven Ehrenamtlichen f\u00fcr ihre wertvolle Arbeit im Jahr 2023 zu bedanken.<\/p>\n<h2>Weihnachtsmann und Walli zu Besuch<\/h2>\n<p>Das Highlight des Abends war zweifellos der Besuch des Weihnachtsmanns, der jedoch nicht allein erschien. Begleitet wurde er von seiner Reinigungsfachfrau Waltraud Ehlert, die mit einer humorvollen Performance f\u00fcr beste Stimmung sorgte. Die G\u00e4ste waren von ihrer Darbietung begeistert und konnten immer wieder herzhaft lachen.<\/p>\n<p>Der Abend fand in geselligem Beisammensein und mit angeregten Gespr\u00e4chen \u00fcber die Vergangenheit, Gegenwart und Zukunft des Hospizvereins Wattenscheid seinen Ausklang. Es war eine Feier, die nicht nur das 30-j\u00e4hrige Bestehen des Vereins hervorhob, sondern auch den Zusammenhalt und das Engagement der Gemeinschaft f\u00fcr die wichtige Hospizarbeit w\u00fcrdigte. Der Blick in die Zukunft verspricht, dass der Hospizverein weiterhin eine bedeutende Rolle in der palliativen Pflege und Hospizarbeit in Wattenscheid einnehmen wird.<\/p>\n<\/div><div class=\"fusion-separator fusion-full-width-sep\" style=\"align-self: center;margin-left: auto;margin-right: auto;margin-top:10x;margin-bottom:10px;width:100%;\"><\/div><div class=\"fusion-image-element \" style=\"--awb-caption-title-font-family:var(--h2_typography-font-family);--awb-caption-title-font-weight:var(--h2_typography-font-weight);--awb-caption-title-font-style:var(--h2_typography-font-style);--awb-caption-title-size:var(--h2_typography-font-size);--awb-caption-title-transform:var(--h2_typography-text-transform);--awb-caption-title-line-height:var(--h2_typography-line-height);--awb-caption-title-letter-spacing:var(--h2_typography-letter-spacing);\"><span class=\" fusion-imageframe imageframe-none imageframe-1 hover-type-none\"><img decoding=\"async\" width=\"2560\" height=\"1707\" title=\"Festrede_AnkeSchulzNajda\" src=\"https:\/\/hospizverein-wattenscheid.de\/neu\/wp-content\/uploads\/2023\/12\/Festrede_AnkeSchulzNajda-scaled.jpg\" alt class=\"img-responsive wp-image-4023\" srcset=\"https:\/\/hospizverein-wattenscheid.de\/neu\/wp-content\/uploads\/2023\/12\/Festrede_AnkeSchulzNajda-200x133.jpg 200w, https:\/\/hospizverein-wattenscheid.de\/neu\/wp-content\/uploads\/2023\/12\/Festrede_AnkeSchulzNajda-400x267.jpg 400w, https:\/\/hospizverein-wattenscheid.de\/neu\/wp-content\/uploads\/2023\/12\/Festrede_AnkeSchulzNajda-600x400.jpg 600w, https:\/\/hospizverein-wattenscheid.de\/neu\/wp-content\/uploads\/2023\/12\/Festrede_AnkeSchulzNajda-800x533.jpg 800w, https:\/\/hospizverein-wattenscheid.de\/neu\/wp-content\/uploads\/2023\/12\/Festrede_AnkeSchulzNajda-1200x800.jpg 1200w, https:\/\/hospizverein-wattenscheid.de\/neu\/wp-content\/uploads\/2023\/12\/Festrede_AnkeSchulzNajda-scaled.jpg 2560w\" sizes=\"(max-width: 640px) 100vw, 2560px\" \/><\/span><\/div><div class=\"fusion-text fusion-text-2\"><h6>In der festlich geschm\u00fcckten Wattenscheider Lohnhalle fand der Festakt des Hospizvereins statt. Foto: Michael Grosler<\/h6>\n<\/div><div style=\"text-align:center;\"><a class=\"fusion-button button-flat fusion-button-default-size button-default fusion-button-default button-1 fusion-button-default-span fusion-button-default-type\" target=\"_self\" href=\"https:\/\/hospizverein-wattenscheid.de\/neu\/aktuelles\/eigene-informationen\/\"><span class=\"fusion-button-text awb-button__text awb-button__text--default\">Zur\u00fcck zur \u00dcbersicht<\/span><\/a><\/div>\n<\/div><\/div><\/div><\/div>\n","protected":false},"excerpt":{"rendered":"","protected":false},"author":2,"featured_media":4023,"comment_status":"open","ping_status":"open","sticky":false,"template":"","format":"standard","meta":{"_bbp_topic_count":0,"_bbp_reply_count":0,"_bbp_total_topic_count":0,"_bbp_total_reply_count":0,"_bbp_voice_count":0,"_bbp_anonymous_reply_count":0,"_bbp_topic_count_hidden":0,"_bbp_reply_count_hidden":0,"_bbp_forum_subforum_count":0,"footnotes":""},"categories":[16],"tags":[],"class_list":["post-4005","post","type-post","status-publish","format-standard","has-post-thumbnail","hentry","category-hallowat"],"_links":{"self":[{"href":"https:\/\/hospizverein-wattenscheid.de\/neu\/wp-json\/wp\/v2\/posts\/4005","targetHints":{"allow":["GET"]}}],"collection":[{"href":"https:\/\/hospizverein-wattenscheid.de\/neu\/wp-json\/wp\/v2\/posts"}],"about":[{"href":"https:\/\/hospizverein-wattenscheid.de\/neu\/wp-json\/wp\/v2\/types\/post"}],"author":[{"embeddable":true,"href":"https:\/\/hospizverein-wattenscheid.de\/neu\/wp-json\/wp\/v2\/users\/2"}],"replies":[{"embeddable":true,"href":"https:\/\/hospizverein-wattenscheid.de\/neu\/wp-json\/wp\/v2\/comments?post=4005"}],"version-history":[{"count":19,"href":"https:\/\/hospizverein-wattenscheid.de\/neu\/wp-json\/wp\/v2\/posts\/4005\/revisions"}],"predecessor-version":[{"id":4018,"href":"https:\/\/hospizverein-wattenscheid.de\/neu\/wp-json\/wp\/v2\/posts\/4005\/revisions\/4018"}],"wp:featuredmedia":[{"embeddable":true,"href":"https:\/\/hospizverein-wattenscheid.de\/neu\/wp-json\/wp\/v2\/media\/4023"}],"wp:attachment":[{"href":"https:\/\/hospizverein-wattenscheid.de\/neu\/wp-json\/wp\/v2\/media?parent=4005"}],"wp:term":[{"taxonomy":"category","embeddable":true,"href":"https:\/\/hospizverein-wattenscheid.de\/neu\/wp-json\/wp\/v2\/categories?post=4005"},{"taxonomy":"post_tag","embeddable":true,"href":"https:\/\/hospizverein-wattenscheid.de\/neu\/wp-json\/wp\/v2\/tags?post=4005"}],"curies":[{"name":"wp","href":"https:\/\/api.w.org\/{rel}","templated":true}]}}