{"id":4165,"date":"2024-05-09T09:00:58","date_gmt":"2024-05-09T07:00:58","guid":{"rendered":"https:\/\/hospizverein-wattenscheid.de\/neu\/?p=4165"},"modified":"2024-11-25T17:03:35","modified_gmt":"2024-11-25T16:03:35","slug":"tag-der-offenen-tuer-im-hospizverein-wattenscheid","status":"publish","type":"post","link":"https:\/\/hospizverein-wattenscheid.de\/neu\/2024\/05\/09\/tag-der-offenen-tuer-im-hospizverein-wattenscheid\/","title":{"rendered":"Tag der offenen T\u00fcr im Hospizverein Wattenscheid"},"content":{"rendered":"<div class=\"fusion-fullwidth fullwidth-box fusion-builder-row-1 fusion-flex-container has-pattern-background has-mask-background nonhundred-percent-fullwidth non-hundred-percent-height-scrolling\" style=\"--awb-border-radius-top-left:0px;--awb-border-radius-top-right:0px;--awb-border-radius-bottom-right:0px;--awb-border-radius-bottom-left:0px;--awb-flex-wrap:wrap;\" ><div class=\"fusion-builder-row fusion-row fusion-flex-align-items-flex-start fusion-flex-content-wrap\" style=\"max-width:1331.2px;margin-left: calc(-4% \/ 2 );margin-right: calc(-4% \/ 2 );\"><div class=\"fusion-layout-column fusion_builder_column fusion-builder-column-0 fusion_builder_column_1_1 1_1 fusion-flex-column\" style=\"--awb-bg-size:cover;--awb-width-large:100%;--awb-margin-top-large:0px;--awb-spacing-right-large:1.92%;--awb-margin-bottom-large:20px;--awb-spacing-left-large:1.92%;--awb-width-medium:100%;--awb-order-medium:0;--awb-spacing-right-medium:1.92%;--awb-spacing-left-medium:1.92%;--awb-width-small:100%;--awb-order-small:0;--awb-spacing-right-small:1.92%;--awb-spacing-left-small:1.92%;\"><div class=\"fusion-column-wrapper fusion-column-has-shadow fusion-flex-justify-content-flex-start fusion-content-layout-column\"><div class=\"fusion-image-element \" style=\"--awb-caption-title-font-family:var(--h2_typography-font-family);--awb-caption-title-font-weight:var(--h2_typography-font-weight);--awb-caption-title-font-style:var(--h2_typography-font-style);--awb-caption-title-size:var(--h2_typography-font-size);--awb-caption-title-transform:var(--h2_typography-text-transform);--awb-caption-title-line-height:var(--h2_typography-line-height);--awb-caption-title-letter-spacing:var(--h2_typography-letter-spacing);\"><span class=\" fusion-imageframe imageframe-none imageframe-1 hover-type-none\"><img decoding=\"async\" width=\"2000\" height=\"897\" title=\"TagDerOffenenTuer_03052024_6\" src=\"https:\/\/hospizverein-wattenscheid.de\/neu\/wp-content\/uploads\/2024\/06\/TagDerOffenenTuer_03052024_6.jpg\" alt class=\"img-responsive wp-image-4166\" srcset=\"https:\/\/hospizverein-wattenscheid.de\/neu\/wp-content\/uploads\/2024\/06\/TagDerOffenenTuer_03052024_6-200x90.jpg 200w, https:\/\/hospizverein-wattenscheid.de\/neu\/wp-content\/uploads\/2024\/06\/TagDerOffenenTuer_03052024_6-400x179.jpg 400w, https:\/\/hospizverein-wattenscheid.de\/neu\/wp-content\/uploads\/2024\/06\/TagDerOffenenTuer_03052024_6-600x269.jpg 600w, https:\/\/hospizverein-wattenscheid.de\/neu\/wp-content\/uploads\/2024\/06\/TagDerOffenenTuer_03052024_6-800x359.jpg 800w, https:\/\/hospizverein-wattenscheid.de\/neu\/wp-content\/uploads\/2024\/06\/TagDerOffenenTuer_03052024_6-1200x538.jpg 1200w, https:\/\/hospizverein-wattenscheid.de\/neu\/wp-content\/uploads\/2024\/06\/TagDerOffenenTuer_03052024_6.jpg 2000w\" sizes=\"(max-width: 640px) 100vw, 2000px\" \/><\/span><\/div><div class=\"fusion-separator fusion-full-width-sep\" style=\"align-self: center;margin-left: auto;margin-right: auto;margin-top:10px;margin-bottom:10px;width:100%;\"><\/div><div class=\"fusion-text fusion-text-1\"><h1>Tag der offenen T\u00fcr im Hospizverein Wattenscheid<\/h1>\n<p style=\"font-weight: 400;\">Am Freitag, den 3. Mai 2024 \u00f6ffnete der Hospizverein Wattenscheid seine T\u00fcren f\u00fcr die \u00d6ffentlichkeit und lud Interessierte ein, einen Blick hinter die Kulissen seiner Arbeit zu werfen.<\/p>\n<p style=\"font-weight: 400;\">Zahlreiche Besucher*innen kamen in die R\u00e4umlichkeiten, um mehr \u00fcber die Arbeit des Vereins zu erfahren.\u00a0Die Atmosph\u00e4re war herzlich und offen. Es entwickelten sich viele gute Gespr\u00e4che zwischen Besucher*innen und Mitarbeitenden, in denen viele Fragen beantwortet werden konnten.<\/p>\n<p style=\"font-weight: 400;\">Bemerkenswert war das Interesse an einem neuen Bef\u00e4higungskurs, den der Verein im Jahr 2024 wieder anbieten wird. Mehrere Besucher*innen erkundigten sich nach den Details des Kurses, welcher auf die Begleitung schwerstkranker und sterbender Menschen vorbereitet und qualifiziert.\u00a0Au\u00dferdem gab es viele Fragen zu den Begleitungen selbst und zu den sonstigen Angeboten des Hospizvereins Wattenscheid.<\/p>\n<p style=\"font-weight: 400;\">Der Tag der offenen T\u00fcr wurde durch ehrenamtliche Mitarbeitende unterst\u00fctzt, in dem sie f\u00fcr leckere Waffeln und Kaffee sorgten und f\u00fcr Gespr\u00e4che mit den Besucherinnen und Besuchern zu Verf\u00fcgung standen.\u00a0Insgesamt war der Tag der offenen T\u00fcr des Hospizvereins Wattenscheid ein voller Erfolg.\u00a0Die gro\u00dfe Resonanz zeigte deutlich, wie wichtig und wertvoll die Arbeit des Vereins f\u00fcr die Gemeinschaft ist.<\/p>\n<\/div><\/div><\/div><div class=\"fusion-layout-column fusion_builder_column fusion-builder-column-1 fusion_builder_column_1_4 1_4 fusion-flex-column\" style=\"--awb-bg-size:cover;--awb-width-large:25%;--awb-margin-top-large:0px;--awb-spacing-right-large:7.68%;--awb-margin-bottom-large:20px;--awb-spacing-left-large:7.68%;--awb-width-medium:25%;--awb-order-medium:0;--awb-spacing-right-medium:7.68%;--awb-spacing-left-medium:7.68%;--awb-width-small:100%;--awb-order-small:0;--awb-spacing-right-small:1.92%;--awb-spacing-left-small:1.92%;\"><div class=\"fusion-column-wrapper fusion-column-has-shadow fusion-flex-justify-content-flex-start fusion-content-layout-column\"><div class=\"fusion-image-element \" style=\"--awb-caption-title-font-family:var(--h2_typography-font-family);--awb-caption-title-font-weight:var(--h2_typography-font-weight);--awb-caption-title-font-style:var(--h2_typography-font-style);--awb-caption-title-size:var(--h2_typography-font-size);--awb-caption-title-transform:var(--h2_typography-text-transform);--awb-caption-title-line-height:var(--h2_typography-line-height);--awb-caption-title-letter-spacing:var(--h2_typography-letter-spacing);\"><span class=\" fusion-imageframe imageframe-none imageframe-2 hover-type-none\"><img decoding=\"async\" width=\"500\" height=\"733\" title=\"TagDerOffenenTuer_03052024_1\" src=\"https:\/\/hospizverein-wattenscheid.de\/neu\/wp-content\/uploads\/2024\/06\/TagDerOffenenTuer_03052024_1.jpg\" alt class=\"img-responsive wp-image-4168\" srcset=\"https:\/\/hospizverein-wattenscheid.de\/neu\/wp-content\/uploads\/2024\/06\/TagDerOffenenTuer_03052024_1-200x293.jpg 200w, https:\/\/hospizverein-wattenscheid.de\/neu\/wp-content\/uploads\/2024\/06\/TagDerOffenenTuer_03052024_1-400x586.jpg 400w, https:\/\/hospizverein-wattenscheid.de\/neu\/wp-content\/uploads\/2024\/06\/TagDerOffenenTuer_03052024_1.jpg 500w\" sizes=\"(max-width: 640px) 100vw, 400px\" \/><\/span><\/div><\/div><\/div><div class=\"fusion-layout-column fusion_builder_column fusion-builder-column-2 fusion_builder_column_1_4 1_4 fusion-flex-column\" style=\"--awb-bg-size:cover;--awb-width-large:25%;--awb-margin-top-large:0px;--awb-spacing-right-large:7.68%;--awb-margin-bottom-large:20px;--awb-spacing-left-large:7.68%;--awb-width-medium:25%;--awb-order-medium:0;--awb-spacing-right-medium:7.68%;--awb-spacing-left-medium:7.68%;--awb-width-small:100%;--awb-order-small:0;--awb-spacing-right-small:1.92%;--awb-spacing-left-small:1.92%;\"><div class=\"fusion-column-wrapper fusion-column-has-shadow fusion-flex-justify-content-flex-start fusion-content-layout-column\"><div class=\"fusion-image-element \" style=\"--awb-caption-title-font-family:var(--h2_typography-font-family);--awb-caption-title-font-weight:var(--h2_typography-font-weight);--awb-caption-title-font-style:var(--h2_typography-font-style);--awb-caption-title-size:var(--h2_typography-font-size);--awb-caption-title-transform:var(--h2_typography-text-transform);--awb-caption-title-line-height:var(--h2_typography-line-height);--awb-caption-title-letter-spacing:var(--h2_typography-letter-spacing);\"><span class=\" fusion-imageframe imageframe-none imageframe-3 hover-type-none\"><img decoding=\"async\" width=\"500\" height=\"733\" title=\"TagDerOffenenTuer_03052024_4\" src=\"https:\/\/hospizverein-wattenscheid.de\/neu\/wp-content\/uploads\/2024\/06\/TagDerOffenenTuer_03052024_4.jpg\" alt class=\"img-responsive wp-image-4171\" srcset=\"https:\/\/hospizverein-wattenscheid.de\/neu\/wp-content\/uploads\/2024\/06\/TagDerOffenenTuer_03052024_4-200x293.jpg 200w, https:\/\/hospizverein-wattenscheid.de\/neu\/wp-content\/uploads\/2024\/06\/TagDerOffenenTuer_03052024_4-400x586.jpg 400w, https:\/\/hospizverein-wattenscheid.de\/neu\/wp-content\/uploads\/2024\/06\/TagDerOffenenTuer_03052024_4.jpg 500w\" sizes=\"(max-width: 640px) 100vw, 400px\" \/><\/span><\/div><\/div><\/div><div class=\"fusion-layout-column fusion_builder_column fusion-builder-column-3 fusion_builder_column_1_4 1_4 fusion-flex-column\" style=\"--awb-bg-size:cover;--awb-width-large:25%;--awb-margin-top-large:0px;--awb-spacing-right-large:7.68%;--awb-margin-bottom-large:20px;--awb-spacing-left-large:7.68%;--awb-width-medium:25%;--awb-order-medium:0;--awb-spacing-right-medium:7.68%;--awb-spacing-left-medium:7.68%;--awb-width-small:100%;--awb-order-small:0;--awb-spacing-right-small:1.92%;--awb-spacing-left-small:1.92%;\"><div class=\"fusion-column-wrapper fusion-column-has-shadow fusion-flex-justify-content-flex-start fusion-content-layout-column\"><div class=\"fusion-image-element \" style=\"--awb-caption-title-font-family:var(--h2_typography-font-family);--awb-caption-title-font-weight:var(--h2_typography-font-weight);--awb-caption-title-font-style:var(--h2_typography-font-style);--awb-caption-title-size:var(--h2_typography-font-size);--awb-caption-title-transform:var(--h2_typography-text-transform);--awb-caption-title-line-height:var(--h2_typography-line-height);--awb-caption-title-letter-spacing:var(--h2_typography-letter-spacing);\"><span class=\" fusion-imageframe imageframe-none imageframe-4 hover-type-none\"><img decoding=\"async\" width=\"500\" height=\"733\" title=\"TagDerOffenenTuer_03052024_2\" src=\"https:\/\/hospizverein-wattenscheid.de\/neu\/wp-content\/uploads\/2024\/06\/TagDerOffenenTuer_03052024_2.jpg\" alt class=\"img-responsive wp-image-4169\" srcset=\"https:\/\/hospizverein-wattenscheid.de\/neu\/wp-content\/uploads\/2024\/06\/TagDerOffenenTuer_03052024_2-200x293.jpg 200w, https:\/\/hospizverein-wattenscheid.de\/neu\/wp-content\/uploads\/2024\/06\/TagDerOffenenTuer_03052024_2-400x586.jpg 400w, https:\/\/hospizverein-wattenscheid.de\/neu\/wp-content\/uploads\/2024\/06\/TagDerOffenenTuer_03052024_2.jpg 500w\" sizes=\"(max-width: 640px) 100vw, 400px\" \/><\/span><\/div><\/div><\/div><div class=\"fusion-layout-column fusion_builder_column fusion-builder-column-4 fusion_builder_column_1_4 1_4 fusion-flex-column\" style=\"--awb-bg-size:cover;--awb-width-large:25%;--awb-margin-top-large:0px;--awb-spacing-right-large:7.68%;--awb-margin-bottom-large:20px;--awb-spacing-left-large:7.68%;--awb-width-medium:25%;--awb-order-medium:0;--awb-spacing-right-medium:7.68%;--awb-spacing-left-medium:7.68%;--awb-width-small:100%;--awb-order-small:0;--awb-spacing-right-small:1.92%;--awb-spacing-left-small:1.92%;\"><div class=\"fusion-column-wrapper fusion-column-has-shadow fusion-flex-justify-content-flex-start fusion-content-layout-column\"><div class=\"fusion-image-element \" style=\"--awb-caption-title-font-family:var(--h2_typography-font-family);--awb-caption-title-font-weight:var(--h2_typography-font-weight);--awb-caption-title-font-style:var(--h2_typography-font-style);--awb-caption-title-size:var(--h2_typography-font-size);--awb-caption-title-transform:var(--h2_typography-text-transform);--awb-caption-title-line-height:var(--h2_typography-line-height);--awb-caption-title-letter-spacing:var(--h2_typography-letter-spacing);\"><span class=\" fusion-imageframe imageframe-none imageframe-5 hover-type-none\"><img decoding=\"async\" width=\"500\" height=\"733\" title=\"TagDerOffenenTuer_03052024_5\" src=\"https:\/\/hospizverein-wattenscheid.de\/neu\/wp-content\/uploads\/2024\/06\/TagDerOffenenTuer_03052024_5.jpg\" alt class=\"img-responsive wp-image-4167\" srcset=\"https:\/\/hospizverein-wattenscheid.de\/neu\/wp-content\/uploads\/2024\/06\/TagDerOffenenTuer_03052024_5-200x293.jpg 200w, https:\/\/hospizverein-wattenscheid.de\/neu\/wp-content\/uploads\/2024\/06\/TagDerOffenenTuer_03052024_5-400x586.jpg 400w, https:\/\/hospizverein-wattenscheid.de\/neu\/wp-content\/uploads\/2024\/06\/TagDerOffenenTuer_03052024_5.jpg 500w\" sizes=\"(max-width: 640px) 100vw, 400px\" \/><\/span><\/div><\/div><\/div><div class=\"fusion-layout-column fusion_builder_column fusion-builder-column-5 fusion_builder_column_1_1 1_1 fusion-flex-column\" style=\"--awb-bg-size:cover;--awb-width-large:100%;--awb-margin-top-large:0px;--awb-spacing-right-large:1.92%;--awb-margin-bottom-large:20px;--awb-spacing-left-large:1.92%;--awb-width-medium:100%;--awb-order-medium:0;--awb-spacing-right-medium:1.92%;--awb-spacing-left-medium:1.92%;--awb-width-small:100%;--awb-order-small:0;--awb-spacing-right-small:1.92%;--awb-spacing-left-small:1.92%;\"><div class=\"fusion-column-wrapper fusion-column-has-shadow fusion-flex-justify-content-flex-start fusion-content-layout-column\"><div style=\"text-align:center;\"><a class=\"fusion-button button-flat fusion-button-default-size button-default fusion-button-default button-1 fusion-button-default-span fusion-button-default-type\" target=\"_self\" href=\"https:\/\/hospizverein-wattenscheid.de\/neu\/aktuelles\/eigene-informationen\/\"><span class=\"fusion-button-text awb-button__text awb-button__text--default\">Zur\u00fcck zur \u00dcbersicht<\/span><\/a><\/div>\n<\/div><\/div><\/div><\/div>\n","protected":false},"excerpt":{"rendered":"","protected":false},"author":2,"featured_media":4166,"comment_status":"open","ping_status":"open","sticky":false,"template":"","format":"standard","meta":{"_bbp_topic_count":0,"_bbp_reply_count":0,"_bbp_total_topic_count":0,"_bbp_total_reply_count":0,"_bbp_voice_count":0,"_bbp_anonymous_reply_count":0,"_bbp_topic_count_hidden":0,"_bbp_reply_count_hidden":0,"_bbp_forum_subforum_count":0,"footnotes":""},"categories":[19],"tags":[],"class_list":["post-4165","post","type-post","status-publish","format-standard","has-post-thumbnail","hentry","category-eigene-mitteilungen"],"_links":{"self":[{"href":"https:\/\/hospizverein-wattenscheid.de\/neu\/wp-json\/wp\/v2\/posts\/4165","targetHints":{"allow":["GET"]}}],"collection":[{"href":"https:\/\/hospizverein-wattenscheid.de\/neu\/wp-json\/wp\/v2\/posts"}],"about":[{"href":"https:\/\/hospizverein-wattenscheid.de\/neu\/wp-json\/wp\/v2\/types\/post"}],"author":[{"embeddable":true,"href":"https:\/\/hospizverein-wattenscheid.de\/neu\/wp-json\/wp\/v2\/users\/2"}],"replies":[{"embeddable":true,"href":"https:\/\/hospizverein-wattenscheid.de\/neu\/wp-json\/wp\/v2\/comments?post=4165"}],"version-history":[{"count":13,"href":"https:\/\/hospizverein-wattenscheid.de\/neu\/wp-json\/wp\/v2\/posts\/4165\/revisions"}],"predecessor-version":[{"id":4183,"href":"https:\/\/hospizverein-wattenscheid.de\/neu\/wp-json\/wp\/v2\/posts\/4165\/revisions\/4183"}],"wp:featuredmedia":[{"embeddable":true,"href":"https:\/\/hospizverein-wattenscheid.de\/neu\/wp-json\/wp\/v2\/media\/4166"}],"wp:attachment":[{"href":"https:\/\/hospizverein-wattenscheid.de\/neu\/wp-json\/wp\/v2\/media?parent=4165"}],"wp:term":[{"taxonomy":"category","embeddable":true,"href":"https:\/\/hospizverein-wattenscheid.de\/neu\/wp-json\/wp\/v2\/categories?post=4165"},{"taxonomy":"post_tag","embeddable":true,"href":"https:\/\/hospizverein-wattenscheid.de\/neu\/wp-json\/wp\/v2\/tags?post=4165"}],"curies":[{"name":"wp","href":"https:\/\/api.w.org\/{rel}","templated":true}]}}