{"id":4305,"date":"2024-10-09T09:00:59","date_gmt":"2024-10-09T07:00:59","guid":{"rendered":"https:\/\/hospizverein-wattenscheid.de\/neu\/?p=4305"},"modified":"2024-11-25T17:02:39","modified_gmt":"2024-11-25T16:02:39","slug":"130-jahre-evangelischer-friedhof-wattenscheid","status":"publish","type":"post","link":"https:\/\/hospizverein-wattenscheid.de\/neu\/2024\/10\/09\/130-jahre-evangelischer-friedhof-wattenscheid\/","title":{"rendered":"130 Jahre Evangelischer Friedhof Wattenscheid"},"content":{"rendered":"<p><div class=\"fusion-fullwidth fullwidth-box fusion-builder-row-1 fusion-flex-container has-pattern-background has-mask-background nonhundred-percent-fullwidth non-hundred-percent-height-scrolling\" style=\"--awb-border-radius-top-left:0px;--awb-border-radius-top-right:0px;--awb-border-radius-bottom-right:0px;--awb-border-radius-bottom-left:0px;--awb-flex-wrap:wrap;\" ><div class=\"fusion-builder-row fusion-row fusion-flex-align-items-flex-start fusion-flex-content-wrap\" style=\"max-width:1331.2px;margin-left: calc(-4% \/ 2 );margin-right: calc(-4% \/ 2 );\"><div class=\"fusion-layout-column fusion_builder_column fusion-builder-column-0 fusion_builder_column_1_1 1_1 fusion-flex-column\" style=\"--awb-bg-size:cover;--awb-width-large:100%;--awb-margin-top-large:0px;--awb-spacing-right-large:1.92%;--awb-margin-bottom-large:20px;--awb-spacing-left-large:1.92%;--awb-width-medium:100%;--awb-order-medium:0;--awb-spacing-right-medium:1.92%;--awb-spacing-left-medium:1.92%;--awb-width-small:100%;--awb-order-small:0;--awb-spacing-right-small:1.92%;--awb-spacing-left-small:1.92%;\"><div class=\"fusion-column-wrapper fusion-column-has-shadow fusion-flex-justify-content-flex-start fusion-content-layout-column\"><div class=\"fusion-image-element \" style=\"--awb-caption-title-font-family:var(--h2_typography-font-family);--awb-caption-title-font-weight:var(--h2_typography-font-weight);--awb-caption-title-font-style:var(--h2_typography-font-style);--awb-caption-title-size:var(--h2_typography-font-size);--awb-caption-title-transform:var(--h2_typography-text-transform);--awb-caption-title-line-height:var(--h2_typography-line-height);--awb-caption-title-letter-spacing:var(--h2_typography-letter-spacing);\"><span class=\" fusion-imageframe imageframe-none imageframe-1 hover-type-none\"><img decoding=\"async\" width=\"2000\" height=\"845\" title=\"130JahreEvFriedhof\" src=\"https:\/\/hospizverein-wattenscheid.de\/neu\/wp-content\/uploads\/2024\/10\/130JahreEvFriedhof.jpg\" alt class=\"img-responsive wp-image-4318\" srcset=\"https:\/\/hospizverein-wattenscheid.de\/neu\/wp-content\/uploads\/2024\/10\/130JahreEvFriedhof-200x85.jpg 200w, https:\/\/hospizverein-wattenscheid.de\/neu\/wp-content\/uploads\/2024\/10\/130JahreEvFriedhof-400x169.jpg 400w, https:\/\/hospizverein-wattenscheid.de\/neu\/wp-content\/uploads\/2024\/10\/130JahreEvFriedhof-600x254.jpg 600w, https:\/\/hospizverein-wattenscheid.de\/neu\/wp-content\/uploads\/2024\/10\/130JahreEvFriedhof-800x338.jpg 800w, https:\/\/hospizverein-wattenscheid.de\/neu\/wp-content\/uploads\/2024\/10\/130JahreEvFriedhof-1200x507.jpg 1200w, https:\/\/hospizverein-wattenscheid.de\/neu\/wp-content\/uploads\/2024\/10\/130JahreEvFriedhof.jpg 2000w\" sizes=\"(max-width: 640px) 100vw, 2000px\" \/><\/span><\/div><div class=\"fusion-separator fusion-full-width-sep\" style=\"align-self: center;margin-left: auto;margin-right: auto;width:100%;\"><\/div><div class=\"fusion-text fusion-text-1\"><h1>130 Jahre Evangelischer Friedhof Wattenscheid \u2013 und wir durften mitfeiern!<\/h1>\n<p>Am Samstag, den 28. September feierte die Evangelische Kirchengemeinde Wattenscheid den 130. Geburtstag des Friedhofs an der Westenfelder Stra\u00dfe. Von 11:00 Uhr bis 17:00 Uhr gab es ein sehr fr\u00f6hliches und zugleich besinnliches Feiern und Gedenken. Sehr belebend war die Beteiligung der Kindertagesst\u00e4tte an der Harkortstra\u00dfe.<\/p>\n<p>Wir, als Verein gerade mal 100 Jahre j\u00fcnger, waren eingeladen, bei diesem Fest unsere Arbeit, nicht zuletzt unsere Angebote f\u00fcr Trauernde, zu pr\u00e4sentieren. Bei Waffeln und Kaffee kamen wir mit vielen Menschen ins Gespr\u00e4ch und unsere Marmeladen waren sehr gefragt.<\/p>\n<\/div><\/div><\/div><\/div><\/div><div class=\"fusion-fullwidth fullwidth-box fusion-builder-row-2 fusion-flex-container nonhundred-percent-fullwidth non-hundred-percent-height-scrolling\" style=\"--awb-border-radius-top-left:0px;--awb-border-radius-top-right:0px;--awb-border-radius-bottom-right:0px;--awb-border-radius-bottom-left:0px;--awb-padding-top:0px;--awb-padding-right:15%;--awb-padding-bottom:25px;--awb-padding-left:15%;--awb-margin-top:0px;--awb-flex-wrap:wrap;\" ><div class=\"fusion-builder-row fusion-row fusion-flex-align-items-flex-start fusion-flex-content-wrap\" style=\"max-width:calc( 1280px + 0px );margin-left: calc(-0px \/ 2 );margin-right: calc(-0px \/ 2 );\"><div class=\"fusion-layout-column fusion_builder_column fusion-builder-column-1 fusion_builder_column_1_1 1_1 fusion-flex-column\" style=\"--awb-bg-size:cover;--awb-width-large:100%;--awb-margin-top-large:0px;--awb-spacing-right-large:0px;--awb-margin-bottom-large:0px;--awb-spacing-left-large:0px;--awb-width-medium:100%;--awb-spacing-right-medium:0px;--awb-spacing-left-medium:0px;--awb-width-small:100%;--awb-spacing-right-small:0px;--awb-spacing-left-small:0px;\"><div class=\"fusion-column-wrapper fusion-flex-justify-content-flex-start fusion-content-layout-column\"><div style=\"text-align:center;\"><a class=\"fusion-button button-flat fusion-button-default-size button-default fusion-button-default button-1 fusion-button-default-span fusion-button-default-type\" target=\"_self\" href=\"https:\/\/hospizverein-wattenscheid.de\/neu\/aktuelles\/eigene-informationen\/\"><span class=\"fusion-button-text awb-button__text awb-button__text--default\">Zur\u00fcck zur \u00dcbersicht<\/span><\/a><\/div><\/div><\/div><\/div><\/div><\/p>\n","protected":false},"excerpt":{"rendered":"","protected":false},"author":2,"featured_media":4318,"comment_status":"open","ping_status":"open","sticky":false,"template":"","format":"standard","meta":{"_bbp_topic_count":0,"_bbp_reply_count":0,"_bbp_total_topic_count":0,"_bbp_total_reply_count":0,"_bbp_voice_count":0,"_bbp_anonymous_reply_count":0,"_bbp_topic_count_hidden":0,"_bbp_reply_count_hidden":0,"_bbp_forum_subforum_count":0,"footnotes":""},"categories":[19],"tags":[],"class_list":["post-4305","post","type-post","status-publish","format-standard","has-post-thumbnail","hentry","category-eigene-mitteilungen"],"_links":{"self":[{"href":"https:\/\/hospizverein-wattenscheid.de\/neu\/wp-json\/wp\/v2\/posts\/4305","targetHints":{"allow":["GET"]}}],"collection":[{"href":"https:\/\/hospizverein-wattenscheid.de\/neu\/wp-json\/wp\/v2\/posts"}],"about":[{"href":"https:\/\/hospizverein-wattenscheid.de\/neu\/wp-json\/wp\/v2\/types\/post"}],"author":[{"embeddable":true,"href":"https:\/\/hospizverein-wattenscheid.de\/neu\/wp-json\/wp\/v2\/users\/2"}],"replies":[{"embeddable":true,"href":"https:\/\/hospizverein-wattenscheid.de\/neu\/wp-json\/wp\/v2\/comments?post=4305"}],"version-history":[{"count":13,"href":"https:\/\/hospizverein-wattenscheid.de\/neu\/wp-json\/wp\/v2\/posts\/4305\/revisions"}],"predecessor-version":[{"id":4478,"href":"https:\/\/hospizverein-wattenscheid.de\/neu\/wp-json\/wp\/v2\/posts\/4305\/revisions\/4478"}],"wp:featuredmedia":[{"embeddable":true,"href":"https:\/\/hospizverein-wattenscheid.de\/neu\/wp-json\/wp\/v2\/media\/4318"}],"wp:attachment":[{"href":"https:\/\/hospizverein-wattenscheid.de\/neu\/wp-json\/wp\/v2\/media?parent=4305"}],"wp:term":[{"taxonomy":"category","embeddable":true,"href":"https:\/\/hospizverein-wattenscheid.de\/neu\/wp-json\/wp\/v2\/categories?post=4305"},{"taxonomy":"post_tag","embeddable":true,"href":"https:\/\/hospizverein-wattenscheid.de\/neu\/wp-json\/wp\/v2\/tags?post=4305"}],"curies":[{"name":"wp","href":"https:\/\/api.w.org\/{rel}","templated":true}]}}