{"id":4414,"date":"2024-10-18T09:00:07","date_gmt":"2024-10-18T07:00:07","guid":{"rendered":"https:\/\/hospizverein-wattenscheid.de\/neu\/?p=4414"},"modified":"2024-11-25T17:01:55","modified_gmt":"2024-11-25T16:01:55","slug":"tag-der-offenen-tuer-beim-hospizverein-wattenscheid","status":"publish","type":"post","link":"https:\/\/hospizverein-wattenscheid.de\/neu\/2024\/10\/18\/tag-der-offenen-tuer-beim-hospizverein-wattenscheid\/","title":{"rendered":"Tag der offenen T\u00fcr beim Hospizverein Wattenscheid"},"content":{"rendered":"<p><div class=\"fusion-fullwidth fullwidth-box fusion-builder-row-1 fusion-flex-container has-pattern-background has-mask-background nonhundred-percent-fullwidth non-hundred-percent-height-scrolling\" style=\"--awb-border-radius-top-left:0px;--awb-border-radius-top-right:0px;--awb-border-radius-bottom-right:0px;--awb-border-radius-bottom-left:0px;--awb-flex-wrap:wrap;\" ><div class=\"fusion-builder-row fusion-row fusion-flex-align-items-flex-start fusion-flex-content-wrap\" style=\"max-width:1331.2px;margin-left: calc(-4% \/ 2 );margin-right: calc(-4% \/ 2 );\"><div class=\"fusion-layout-column fusion_builder_column fusion-builder-column-0 fusion_builder_column_1_1 1_1 fusion-flex-column\" style=\"--awb-bg-size:cover;--awb-width-large:100%;--awb-margin-top-large:0px;--awb-spacing-right-large:1.92%;--awb-margin-bottom-large:20px;--awb-spacing-left-large:1.92%;--awb-width-medium:100%;--awb-order-medium:0;--awb-spacing-right-medium:1.92%;--awb-spacing-left-medium:1.92%;--awb-width-small:100%;--awb-order-small:0;--awb-spacing-right-small:1.92%;--awb-spacing-left-small:1.92%;\"><div class=\"fusion-column-wrapper fusion-column-has-shadow fusion-flex-justify-content-flex-start fusion-content-layout-column\"><div class=\"fusion-text fusion-text-1\"><h1 style=\"font-weight: 400;\">Tag der offenen T\u00fcr beim Hospizverein Wattenscheid<\/h1>\n<p style=\"font-weight: 400;\">Am 11. Oktober 2024 \u00f6ffnete der Hospizverein Wattenscheid e. V. seine T\u00fcren f\u00fcr Interessierte und Unterst\u00fctzer. Der Tag der offenen T\u00fcr fand von 10 bis 13 Uhr in den R\u00e4umen des ambulanten Hospizdienstes statt und zog viele Besucher an.<\/p>\n<p>Zahlreiche G\u00e4ste nutzten die Gelegenheit, um sich \u00fcber die Arbeit des Vereins zu informieren und direkt mit den Ehrenamtlichen ins Gespr\u00e4ch zu kommen. Besucher*innen konnten sich aus erster Hand ein Bild von der wichtigen Arbeit des Vereins machen und bekamen wertvolle Einblicke in die t\u00e4gliche Unterst\u00fctzung, die schwerkranken Menschen und ihren Angeh\u00f6rigen zuteil wird.<\/p>\n<p style=\"font-weight: 400;\">Neben den informativen Gespr\u00e4chen wurden auch einige pers\u00f6nliche Beratungen durchgef\u00fchrt. Diese boten den Besucher*innen die M\u00f6glichkeit, individuelle Fragen zu kl\u00e4ren und sich ausf\u00fchrlich \u00fcber die Leistungen und Angebote des Vereins zu informieren.<\/p>\n<p>Der Tag der offenen T\u00fcr fand anl\u00e4sslich des Welthospiztages 2024 statt, der dieses Jahr unter dem Motto <strong>\u201eAmbulante Hospizarbeit f\u00fcr Vielfalt\u201c<\/strong> stand. Das Thema unterstrich die Bedeutung der Diversit\u00e4t und Inklusivit\u00e4t in der Hospizarbeit. Dies wurde in den Gespr\u00e4chen besonders hervorgehoben. Die Besucher*innen konnten erfahren, wie der ambulante Hospizdienst vielf\u00e4ltige Bed\u00fcrfnisse respektiert und Menschen unterschiedlichster Hintergr\u00fcnde unterst\u00fctzt.<\/p>\n<p>Insgesamt war der Tag der offenen T\u00fcr ein Erfolg und zeigte einmal mehr die Bedeutung und den gro\u00dfen R\u00fcckhalt des Hospizvereins in der Gemeinschaft. Die positive Resonanz der Besucher*innen best\u00e4rkte das Team in seiner Arbeit und zeigte, wie wichtig und wertvoll ihr Einsatz ist.<\/p>\n<\/div><div class=\"fusion-separator fusion-full-width-sep\" style=\"align-self: center;margin-left: auto;margin-right: auto;width:100%;\"><\/div><div class=\"fusion-image-element \" style=\"--awb-caption-title-font-family:var(--h2_typography-font-family);--awb-caption-title-font-weight:var(--h2_typography-font-weight);--awb-caption-title-font-style:var(--h2_typography-font-style);--awb-caption-title-size:var(--h2_typography-font-size);--awb-caption-title-transform:var(--h2_typography-text-transform);--awb-caption-title-line-height:var(--h2_typography-line-height);--awb-caption-title-letter-spacing:var(--h2_typography-letter-spacing);\"><span class=\" fusion-imageframe imageframe-none imageframe-1 hover-type-none\"><img decoding=\"async\" width=\"2000\" height=\"1126\" title=\"TagderOffenenTuer_2024\" src=\"https:\/\/hospizverein-wattenscheid.de\/neu\/wp-content\/uploads\/2024\/10\/TagderOffenenTuer_2024.jpg\" alt class=\"img-responsive wp-image-4415\" srcset=\"https:\/\/hospizverein-wattenscheid.de\/neu\/wp-content\/uploads\/2024\/10\/TagderOffenenTuer_2024-200x113.jpg 200w, https:\/\/hospizverein-wattenscheid.de\/neu\/wp-content\/uploads\/2024\/10\/TagderOffenenTuer_2024-400x225.jpg 400w, https:\/\/hospizverein-wattenscheid.de\/neu\/wp-content\/uploads\/2024\/10\/TagderOffenenTuer_2024-600x338.jpg 600w, https:\/\/hospizverein-wattenscheid.de\/neu\/wp-content\/uploads\/2024\/10\/TagderOffenenTuer_2024-800x450.jpg 800w, https:\/\/hospizverein-wattenscheid.de\/neu\/wp-content\/uploads\/2024\/10\/TagderOffenenTuer_2024-1200x676.jpg 1200w, https:\/\/hospizverein-wattenscheid.de\/neu\/wp-content\/uploads\/2024\/10\/TagderOffenenTuer_2024.jpg 2000w\" sizes=\"(max-width: 640px) 100vw, 2000px\" \/><\/span><\/div><div class=\"fusion-text fusion-text-2\"><h6>Martina Genster (rechts), Mitarbeiterin im Hospizverein Wattenscheid, bei der Beratung einer Besucherin.<br \/>\n(Foto: Hans-J\u00fcrgen Rempe \/ beide Personen sind mit der Ver\u00f6ffentlichung einverstanden)<\/h6>\n<\/div><\/div><\/div><\/div><\/div><div class=\"fusion-fullwidth fullwidth-box fusion-builder-row-2 fusion-flex-container nonhundred-percent-fullwidth non-hundred-percent-height-scrolling\" style=\"--awb-border-radius-top-left:0px;--awb-border-radius-top-right:0px;--awb-border-radius-bottom-right:0px;--awb-border-radius-bottom-left:0px;--awb-padding-top:0px;--awb-padding-right:15%;--awb-padding-bottom:25px;--awb-padding-left:15%;--awb-margin-top:0px;--awb-flex-wrap:wrap;\" ><div class=\"fusion-builder-row fusion-row fusion-flex-align-items-flex-start fusion-flex-content-wrap\" style=\"max-width:calc( 1280px + 0px );margin-left: calc(-0px \/ 2 );margin-right: calc(-0px \/ 2 );\"><div class=\"fusion-layout-column fusion_builder_column fusion-builder-column-1 fusion_builder_column_1_1 1_1 fusion-flex-column\" style=\"--awb-bg-size:cover;--awb-width-large:100%;--awb-margin-top-large:0px;--awb-spacing-right-large:0px;--awb-margin-bottom-large:0px;--awb-spacing-left-large:0px;--awb-width-medium:100%;--awb-spacing-right-medium:0px;--awb-spacing-left-medium:0px;--awb-width-small:100%;--awb-spacing-right-small:0px;--awb-spacing-left-small:0px;\"><div class=\"fusion-column-wrapper fusion-flex-justify-content-flex-start fusion-content-layout-column\"><div class=\"fusion-separator fusion-full-width-sep\" style=\"align-self: center;margin-left: auto;margin-right: auto;margin-top:25px;margin-bottom:25px;width:100%;\"><\/div>\n<div style=\"text-align:center;\"><a class=\"fusion-button button-flat fusion-button-default-size button-default fusion-button-default button-1 fusion-button-default-span fusion-button-default-type\" target=\"_self\" href=\"https:\/\/hospizverein-wattenscheid.de\/neu\/aktuelles\/eigene-informationen\/\"><span class=\"fusion-button-text awb-button__text awb-button__text--default\">Zur\u00fcck zur \u00dcbersicht<\/span><\/a><\/div><\/div><\/div><\/div><\/div><\/p>\n","protected":false},"excerpt":{"rendered":"","protected":false},"author":2,"featured_media":4415,"comment_status":"open","ping_status":"open","sticky":false,"template":"","format":"standard","meta":{"_bbp_topic_count":0,"_bbp_reply_count":0,"_bbp_total_topic_count":0,"_bbp_total_reply_count":0,"_bbp_voice_count":0,"_bbp_anonymous_reply_count":0,"_bbp_topic_count_hidden":0,"_bbp_reply_count_hidden":0,"_bbp_forum_subforum_count":0,"footnotes":""},"categories":[19],"tags":[],"class_list":["post-4414","post","type-post","status-publish","format-standard","has-post-thumbnail","hentry","category-eigene-mitteilungen"],"_links":{"self":[{"href":"https:\/\/hospizverein-wattenscheid.de\/neu\/wp-json\/wp\/v2\/posts\/4414","targetHints":{"allow":["GET"]}}],"collection":[{"href":"https:\/\/hospizverein-wattenscheid.de\/neu\/wp-json\/wp\/v2\/posts"}],"about":[{"href":"https:\/\/hospizverein-wattenscheid.de\/neu\/wp-json\/wp\/v2\/types\/post"}],"author":[{"embeddable":true,"href":"https:\/\/hospizverein-wattenscheid.de\/neu\/wp-json\/wp\/v2\/users\/2"}],"replies":[{"embeddable":true,"href":"https:\/\/hospizverein-wattenscheid.de\/neu\/wp-json\/wp\/v2\/comments?post=4414"}],"version-history":[{"count":6,"href":"https:\/\/hospizverein-wattenscheid.de\/neu\/wp-json\/wp\/v2\/posts\/4414\/revisions"}],"predecessor-version":[{"id":4476,"href":"https:\/\/hospizverein-wattenscheid.de\/neu\/wp-json\/wp\/v2\/posts\/4414\/revisions\/4476"}],"wp:featuredmedia":[{"embeddable":true,"href":"https:\/\/hospizverein-wattenscheid.de\/neu\/wp-json\/wp\/v2\/media\/4415"}],"wp:attachment":[{"href":"https:\/\/hospizverein-wattenscheid.de\/neu\/wp-json\/wp\/v2\/media?parent=4414"}],"wp:term":[{"taxonomy":"category","embeddable":true,"href":"https:\/\/hospizverein-wattenscheid.de\/neu\/wp-json\/wp\/v2\/categories?post=4414"},{"taxonomy":"post_tag","embeddable":true,"href":"https:\/\/hospizverein-wattenscheid.de\/neu\/wp-json\/wp\/v2\/tags?post=4414"}],"curies":[{"name":"wp","href":"https:\/\/api.w.org\/{rel}","templated":true}]}}