{"id":4463,"date":"2024-11-25T09:00:57","date_gmt":"2024-11-25T08:00:57","guid":{"rendered":"https:\/\/hospizverein-wattenscheid.de\/neu\/?p=4463"},"modified":"2024-11-26T09:08:40","modified_gmt":"2024-11-26T08:08:40","slug":"hospizverein-wattenscheid-dankt-mitgliedern","status":"publish","type":"post","link":"https:\/\/hospizverein-wattenscheid.de\/neu\/2024\/11\/25\/hospizverein-wattenscheid-dankt-mitgliedern\/","title":{"rendered":"Hospizverein Wattenscheid dankt Mitgliedern"},"content":{"rendered":"<p><div class=\"fusion-fullwidth fullwidth-box fusion-builder-row-1 fusion-flex-container nonhundred-percent-fullwidth non-hundred-percent-height-scrolling\" style=\"--awb-border-radius-top-left:0px;--awb-border-radius-top-right:0px;--awb-border-radius-bottom-right:0px;--awb-border-radius-bottom-left:0px;--awb-flex-wrap:wrap;\" ><div class=\"fusion-builder-row fusion-row fusion-flex-align-items-flex-start fusion-flex-content-wrap\" style=\"max-width:1331.2px;margin-left: calc(-4% \/ 2 );margin-right: calc(-4% \/ 2 );\"><div class=\"fusion-layout-column fusion_builder_column fusion-builder-column-0 fusion_builder_column_1_1 1_1 fusion-flex-column\" style=\"--awb-bg-size:cover;--awb-width-large:100%;--awb-margin-top-large:0px;--awb-spacing-right-large:1.92%;--awb-margin-bottom-large:0px;--awb-spacing-left-large:1.92%;--awb-width-medium:100%;--awb-spacing-right-medium:1.92%;--awb-spacing-left-medium:1.92%;--awb-width-small:100%;--awb-spacing-right-small:1.92%;--awb-spacing-left-small:1.92%;\"><div class=\"fusion-column-wrapper fusion-flex-justify-content-flex-start fusion-content-layout-column\"><div class=\"fusion-text fusion-text-1\"><h1 style=\"font-weight: 400;\"><strong>Hospizverein Wattenscheid dankt Mitgliedern<br \/>\nSoloperformance \u201eTildes letzte Tage \u2013 von den letzten Dingen\u201c<\/strong><\/h1>\n<p style=\"font-weight: 400;\">Am 17.11.2024 lud der Hospizverein Wattenscheid seine Mitglieder zu einer besonderen Dankesveranstaltung ein, die im Kulturhaus Thealozzi stattfand. Mit dieser Einladung wollte der Verein die engagierte Unterst\u00fctzung seiner Mitglieder und Ehrenamtlichen w\u00fcrdigen.<\/p>\n<p style=\"font-weight: 400;\">Insgesamt folgten 65 Personen der Einladung. Sie erlebten einen eindrucksvollen Nachmittag, der sowohl zum Nachdenken anregte als auch Raum f\u00fcr Begegnung und Austausch bot.<\/p>\n<p style=\"font-weight: 400;\">Im Mittelpunkt der Veranstaltung stand die Soloperformance von Andrea Homersen <strong>\u201eTildes letzte Tage \u2013 von den letzten Dingen\u201c<\/strong>, die das Publikum in den letzten Lebensabschnitt der Protagonistin Tilde Liebig entf\u00fchrte. Tilde sieht sich mit der Realit\u00e4t konfrontiert, diese Welt bald verlassen zu m\u00fcssen. Ihre Gedanken, \u00c4ngste, Visionen und W\u00fcnsche wurden auf der B\u00fchne lebendig, und durch die ausdrucksstarke Darstellung wurden diese Themen zu einem Spiegel f\u00fcr die Zuschauer.<\/p>\n<p style=\"font-weight: 400;\">Die Inszenierung bot eine eindrucksvolle und ber\u00fchrende Auseinandersetzung mit dem Tod, einem der letzten gro\u00dfen Tabus unserer Zeit. Inmitten der multimedial gestalteten Kulisse, die eine faszinierende kulturelle Atmosph\u00e4re schuf, stellte sich auch die Frage: \u201eWer ist der Tod?\u201c \u2013 ein Thema, das mit Tiefgang, Emotionalit\u00e4t und einem Hauch von Humor beleuchtet wurde.<\/p>\n<h3 style=\"font-weight: 400;\">Gemeinschaft und Austausch<\/h3>\n<p style=\"font-weight: 400;\">In der Pause konnten sich die Anwesenden bei Kaffee, Kaltgetr\u00e4nken und Knabbereien st\u00e4rken und miteinander ins Gespr\u00e4ch kommen. Die lockere Atmosph\u00e4re bot Gelegenheit, sich \u00fcber die Eindr\u00fccke der Auff\u00fchrung auszutauschen, neue Kontakte zu kn\u00fcpfen und bestehende Verbindungen zu vertiefen. Nach der Veranstaltung stand Andrea Homersen noch einigen Interessierten f\u00fcr Fragen zur Theaterst\u00fcck und dessen Entstehung zur Verf\u00fcgung.<\/p>\n<h3 style=\"font-weight: 400;\">Fazit<\/h3>\n<p style=\"font-weight: 400;\">Die Veranstaltung war ein rundum gelungener Nachmittag, der nicht nur ein herzliches Dankesch\u00f6n an die Mitglieder des Hospizvereins aussprach, sondern auch ein kulturelles Highlight bot. Die eindringliche Darstellung und die nachdenklich stimmende Thematik regten viele G\u00e4ste an, ihre eigenen Perspektiven auf Leben und Tod zu hinterfragen.<\/p>\n<p style=\"font-weight: 400;\">Ein besonderer Dank gilt den Organisatoren und dem Team des Kulturhauses Thealozzi, die diesen Abend in einzigartiger Weise erm\u00f6glicht haben.<\/p>\n<p style=\"font-weight: 400;\">Wer mehr \u00fcber das Programm des Kulturhauses Thealozzi erfahren m\u00f6chte, findet mehr Informationen auf der Webseite: <a href=\"mailto:www@thealozzi.de\">www@thealozzi.de<\/a>.<\/p>\n<h2><\/h2>\n<h3 style=\"font-weight: 400;\">Vielleicht sterbe ich im Fr\u00fchjahr<\/h3>\n<p style=\"font-weight: 400;\">Vielleicht sterbe ich im Fr\u00fchjahr,<br \/>\ndann sehe ich die Bl\u00fcten noch \u2026<br \/>\nall die wundervollen Kelche &#8230;<br \/>\nund wei\u00df, dass das Leben weiter geht.<\/p>\n<p style=\"font-weight: 400;\">Vielleicht sterbe ich im Sommer,<br \/>\nda sp\u00fcre ich nochmal die Sonne auf der Haut,<br \/>\nschaue auf das glitzernde Wasser<br \/>\nund wei\u00df: es ist alles warm und gut.<\/p>\n<p style=\"font-weight: 400;\">Vielleicht sterbe ich im Herbst:<br \/>\ndie Kr\u00e4fte schwinden, alles zieht sich zur\u00fcck.<br \/>\nLetztes Aufb\u00e4umen des Lebens vor dem Winter \u2013<br \/>\ndann: Loslassen. Und ich vergehe mit \u2026<\/p>\n<p style=\"font-weight: 400;\">Vielleicht sterbe ich im Winter,<br \/>\nwenn alles Leben ruht, wenn die Kr\u00e4fte sich erneuern<br \/>\nund auch ich erneuere mich &#8230;<br \/>\nohne die altbekannte H\u00fclle.<\/p>\n<p style=\"font-weight: 400;\">Vielleicht sterbe ich im Fr\u00fchling \u2026<br \/>\ndann legt mir einen Kirschbl\u00fctenzweig mit ins Grab.<\/p>\n<p style=\"font-weight: 400;\">Andrea E. Homersen<br \/>\nMai 2021<\/p>\n<\/div><div class=\"fusion-separator fusion-full-width-sep\" style=\"align-self: center;margin-left: auto;margin-right: auto;margin-top:10px;margin-bottom:10px;width:100%;\"><\/div><div class=\"fusion-image-element \" style=\"--awb-caption-title-font-family:var(--h2_typography-font-family);--awb-caption-title-font-weight:var(--h2_typography-font-weight);--awb-caption-title-font-style:var(--h2_typography-font-style);--awb-caption-title-size:var(--h2_typography-font-size);--awb-caption-title-transform:var(--h2_typography-text-transform);--awb-caption-title-line-height:var(--h2_typography-line-height);--awb-caption-title-letter-spacing:var(--h2_typography-letter-spacing);\"><span class=\" fusion-imageframe imageframe-none imageframe-1 hover-type-none\"><img decoding=\"async\" width=\"1496\" height=\"2396\" title=\"Fotocollage_Veranstaltung_Thealozzi\" src=\"https:\/\/hospizverein-wattenscheid.de\/neu\/wp-content\/uploads\/2024\/11\/Fotocollage_Veranstaltung_Thealozzi.jpg\" alt class=\"img-responsive wp-image-4481\" srcset=\"https:\/\/hospizverein-wattenscheid.de\/neu\/wp-content\/uploads\/2024\/11\/Fotocollage_Veranstaltung_Thealozzi-200x320.jpg 200w, https:\/\/hospizverein-wattenscheid.de\/neu\/wp-content\/uploads\/2024\/11\/Fotocollage_Veranstaltung_Thealozzi-400x641.jpg 400w, https:\/\/hospizverein-wattenscheid.de\/neu\/wp-content\/uploads\/2024\/11\/Fotocollage_Veranstaltung_Thealozzi-600x961.jpg 600w, https:\/\/hospizverein-wattenscheid.de\/neu\/wp-content\/uploads\/2024\/11\/Fotocollage_Veranstaltung_Thealozzi-800x1281.jpg 800w, https:\/\/hospizverein-wattenscheid.de\/neu\/wp-content\/uploads\/2024\/11\/Fotocollage_Veranstaltung_Thealozzi-1200x1922.jpg 1200w, https:\/\/hospizverein-wattenscheid.de\/neu\/wp-content\/uploads\/2024\/11\/Fotocollage_Veranstaltung_Thealozzi.jpg 1496w\" sizes=\"(max-width: 640px) 100vw, 1496px\" \/><\/span><\/div><\/div><\/div><\/div><\/div><div class=\"fusion-fullwidth fullwidth-box fusion-builder-row-2 fusion-flex-container nonhundred-percent-fullwidth non-hundred-percent-height-scrolling\" style=\"--awb-border-radius-top-left:0px;--awb-border-radius-top-right:0px;--awb-border-radius-bottom-right:0px;--awb-border-radius-bottom-left:0px;--awb-padding-top:0px;--awb-padding-right:15%;--awb-padding-bottom:25px;--awb-padding-left:15%;--awb-margin-top:0px;--awb-flex-wrap:wrap;\" ><div class=\"fusion-builder-row fusion-row fusion-flex-align-items-flex-start fusion-flex-content-wrap\" style=\"max-width:calc( 1280px + 0px );margin-left: calc(-0px \/ 2 );margin-right: calc(-0px \/ 2 );\"><div class=\"fusion-layout-column fusion_builder_column fusion-builder-column-1 fusion_builder_column_1_1 1_1 fusion-flex-column\" style=\"--awb-bg-size:cover;--awb-width-large:100%;--awb-margin-top-large:0px;--awb-spacing-right-large:0px;--awb-margin-bottom-large:0px;--awb-spacing-left-large:0px;--awb-width-medium:100%;--awb-spacing-right-medium:0px;--awb-spacing-left-medium:0px;--awb-width-small:100%;--awb-spacing-right-small:0px;--awb-spacing-left-small:0px;\"><div class=\"fusion-column-wrapper fusion-flex-justify-content-flex-start fusion-content-layout-column\"><div class=\"fusion-separator fusion-full-width-sep\" style=\"align-self: center;margin-left: auto;margin-right: auto;margin-top:25px;margin-bottom:25px;width:100%;\"><\/div>\n<div style=\"text-align:center;\"><a class=\"fusion-button button-flat fusion-button-default-size button-default fusion-button-default button-1 fusion-button-default-span fusion-button-default-type\" target=\"_self\" href=\"https:\/\/hospizverein-wattenscheid.de\/neu\/aktuelles\/eigene-informationen\/\"><span class=\"fusion-button-text awb-button__text awb-button__text--default\">Zur\u00fcck zur \u00dcbersicht<\/span><\/a><\/div><\/div><\/div><\/div><\/div><\/p>\n","protected":false},"excerpt":{"rendered":"","protected":false},"author":2,"featured_media":4467,"comment_status":"open","ping_status":"open","sticky":false,"template":"","format":"standard","meta":{"_bbp_topic_count":0,"_bbp_reply_count":0,"_bbp_total_topic_count":0,"_bbp_total_reply_count":0,"_bbp_voice_count":0,"_bbp_anonymous_reply_count":0,"_bbp_topic_count_hidden":0,"_bbp_reply_count_hidden":0,"_bbp_forum_subforum_count":0,"footnotes":""},"categories":[19],"tags":[],"class_list":["post-4463","post","type-post","status-publish","format-standard","has-post-thumbnail","hentry","category-eigene-mitteilungen"],"_links":{"self":[{"href":"https:\/\/hospizverein-wattenscheid.de\/neu\/wp-json\/wp\/v2\/posts\/4463","targetHints":{"allow":["GET"]}}],"collection":[{"href":"https:\/\/hospizverein-wattenscheid.de\/neu\/wp-json\/wp\/v2\/posts"}],"about":[{"href":"https:\/\/hospizverein-wattenscheid.de\/neu\/wp-json\/wp\/v2\/types\/post"}],"author":[{"embeddable":true,"href":"https:\/\/hospizverein-wattenscheid.de\/neu\/wp-json\/wp\/v2\/users\/2"}],"replies":[{"embeddable":true,"href":"https:\/\/hospizverein-wattenscheid.de\/neu\/wp-json\/wp\/v2\/comments?post=4463"}],"version-history":[{"count":9,"href":"https:\/\/hospizverein-wattenscheid.de\/neu\/wp-json\/wp\/v2\/posts\/4463\/revisions"}],"predecessor-version":[{"id":4468,"href":"https:\/\/hospizverein-wattenscheid.de\/neu\/wp-json\/wp\/v2\/posts\/4463\/revisions\/4468"}],"wp:featuredmedia":[{"embeddable":true,"href":"https:\/\/hospizverein-wattenscheid.de\/neu\/wp-json\/wp\/v2\/media\/4467"}],"wp:attachment":[{"href":"https:\/\/hospizverein-wattenscheid.de\/neu\/wp-json\/wp\/v2\/media?parent=4463"}],"wp:term":[{"taxonomy":"category","embeddable":true,"href":"https:\/\/hospizverein-wattenscheid.de\/neu\/wp-json\/wp\/v2\/categories?post=4463"},{"taxonomy":"post_tag","embeddable":true,"href":"https:\/\/hospizverein-wattenscheid.de\/neu\/wp-json\/wp\/v2\/tags?post=4463"}],"curies":[{"name":"wp","href":"https:\/\/api.w.org\/{rel}","templated":true}]}}