{"id":4675,"date":"2025-09-24T09:00:19","date_gmt":"2025-09-24T07:00:19","guid":{"rendered":"https:\/\/hospizverein-wattenscheid.de\/neu\/?p=4675"},"modified":"2025-09-25T12:13:28","modified_gmt":"2025-09-25T10:13:28","slug":"hospizverein-trifft-sich-mit-trauernden","status":"publish","type":"post","link":"https:\/\/hospizverein-wattenscheid.de\/neu\/2025\/09\/24\/hospizverein-trifft-sich-mit-trauernden\/","title":{"rendered":"Hospizverein trifft sich mit Trauernden"},"content":{"rendered":"<p><div class=\"fusion-fullwidth fullwidth-box fusion-builder-row-1 fusion-flex-container has-pattern-background has-mask-background nonhundred-percent-fullwidth non-hundred-percent-height-scrolling\" style=\"--awb-border-radius-top-left:0px;--awb-border-radius-top-right:0px;--awb-border-radius-bottom-right:0px;--awb-border-radius-bottom-left:0px;--awb-margin-top:0px;--awb-flex-wrap:wrap;\" ><div class=\"fusion-builder-row fusion-row fusion-flex-align-items-flex-start fusion-flex-content-wrap\" style=\"max-width:1331.2px;margin-left: calc(-4% \/ 2 );margin-right: calc(-4% \/ 2 );\"><div class=\"fusion-layout-column fusion_builder_column fusion-builder-column-0 fusion_builder_column_1_1 1_1 fusion-flex-column\" style=\"--awb-bg-size:cover;--awb-width-large:100%;--awb-margin-top-large:0px;--awb-spacing-right-large:1.92%;--awb-margin-bottom-large:0px;--awb-spacing-left-large:1.92%;--awb-width-medium:100%;--awb-spacing-right-medium:1.92%;--awb-spacing-left-medium:1.92%;--awb-width-small:100%;--awb-spacing-right-small:1.92%;--awb-spacing-left-small:1.92%;\"><div class=\"fusion-column-wrapper fusion-flex-justify-content-flex-start fusion-content-layout-column\"><div class=\"fusion-text fusion-text-1\"><section>\n<h1 class=\"articleHeading\">Hospizverein trifft sich mit Trauernden<\/h1>\n<h3 class=\"articleSubTitle\">Gespr\u00e4chsgruppe startet am 1. Oktober<\/h3>\n<\/section>\n<article>\n<p class=\"articleContent\">Der Hospizverein Wattenscheid l\u00e4dt zu einem Gespr\u00e4chskreis f\u00fcr Trauernde ein. Die Treffen bieten Betroffenen die M\u00f6glichkeit, sich in einem gesch\u00fctzten Rahmen \u00fcber den Verlust eines geliebten Menschen auszutauschen. Moderiert wird der Kurs von der Trauerbegleiterin Gesine Maurer und dem Seelsorger Ralf Tietmeyer. Der Gespr\u00e4chskreis umfasst acht Termine, die jeweils mittwochs von 17.30 bis 19.30 Uhr stattfinden: 1. Oktober, 8.\u200aOktober, 29. Oktober, 12. November, 26. November, 17. Dezember, 7.\u200aJanuar und 21. Januar. Zus\u00e4tzlich gibt es ein Treffen am Samstag, 6.\u200aDezember, von 10 bis 14.30 Uhr. Veranstaltungsort ist der Hospizverein Wattenscheid, An der Papenburg 9.<\/p>\n<h3 class=\"h3 articleContent\">Erster Kennenlernabend<\/h3>\n<p class=\"articleContent\">Am ersten Abend stellen die Trauerbegleitenden sich und ihr Konzept vor. Teilnehmende k\u00f6nnen danach entscheiden, ob sie weiterhin an der Gruppe teilnehmen m\u00f6chten. Interessierte werden gebeten, sich vorab anzumelden.<\/p>\n<p class=\"articleContent\">F\u00fcr weitere Informationen stehen Gesine Maurer unter 02327 9335555 und per E-Mail an\u00a0<a href=\"mailto:gm@hospizverein-wattenscheid.de\">gm@hospizverein-wattenscheid.de<\/a>\u00a0sowie Ralf Tietmeyer unter 0177 5478847 und per Mail an\u00a0<a href=\"mailto:ralf.tietmeyer@wat-katholisch.de\">ralf.tietmeyer@wat-katholisch.de<\/a>\u00a0zur Verf\u00fcgung.<\/p>\n<\/article>\n<\/div><div class=\"fusion-separator fusion-full-width-sep\" style=\"align-self: center;margin-left: auto;margin-right: auto;margin-top:25px;margin-bottom:25px;width:100%;\"><\/div>\n<\/div><\/div><\/div><\/div><div class=\"fusion-fullwidth fullwidth-box fusion-builder-row-2 fusion-flex-container nonhundred-percent-fullwidth non-hundred-percent-height-scrolling\" style=\"--awb-border-radius-top-left:0px;--awb-border-radius-top-right:0px;--awb-border-radius-bottom-right:0px;--awb-border-radius-bottom-left:0px;--awb-padding-top:0px;--awb-padding-right:15%;--awb-padding-bottom:25px;--awb-padding-left:15%;--awb-margin-top:0px;--awb-flex-wrap:wrap;\" ><div class=\"fusion-builder-row fusion-row fusion-flex-align-items-flex-start fusion-flex-content-wrap\" style=\"max-width:1331.2px;margin-left: calc(-4% \/ 2 );margin-right: calc(-4% \/ 2 );\"><div class=\"fusion-layout-column fusion_builder_column fusion-builder-column-1 fusion_builder_column_1_1 1_1 fusion-flex-column\" style=\"--awb-bg-size:cover;--awb-width-large:100%;--awb-margin-top-large:0px;--awb-spacing-right-large:1.92%;--awb-margin-bottom-large:0px;--awb-spacing-left-large:1.92%;--awb-width-medium:100%;--awb-spacing-right-medium:1.92%;--awb-spacing-left-medium:1.92%;--awb-width-small:100%;--awb-spacing-right-small:1.92%;--awb-spacing-left-small:1.92%;\"><div class=\"fusion-column-wrapper fusion-flex-justify-content-flex-start fusion-content-layout-column\"><div style=\"text-align:center;\"><a class=\"fusion-button button-flat fusion-button-default-size button-default fusion-button-default button-1 fusion-button-default-span fusion-button-default-type\" target=\"_self\" href=\"http:\/\/hospizverein-wattenscheid.de\/neu\/aktuelles\/presseartikel\/\"><span class=\"fusion-button-text awb-button__text awb-button__text--default\">Zur\u00fcck zur \u00dcbersicht<\/span><\/a><\/div><\/div><\/div><\/div><\/div><\/p>\n","protected":false},"excerpt":{"rendered":"","protected":false},"author":2,"featured_media":0,"comment_status":"open","ping_status":"open","sticky":false,"template":"","format":"standard","meta":{"_bbp_topic_count":0,"_bbp_reply_count":0,"_bbp_total_topic_count":0,"_bbp_total_reply_count":0,"_bbp_voice_count":0,"_bbp_anonymous_reply_count":0,"_bbp_topic_count_hidden":0,"_bbp_reply_count_hidden":0,"_bbp_forum_subforum_count":0,"footnotes":""},"categories":[8],"tags":[],"class_list":["post-4675","post","type-post","status-publish","format-standard","hentry","category-waz"],"_links":{"self":[{"href":"https:\/\/hospizverein-wattenscheid.de\/neu\/wp-json\/wp\/v2\/posts\/4675","targetHints":{"allow":["GET"]}}],"collection":[{"href":"https:\/\/hospizverein-wattenscheid.de\/neu\/wp-json\/wp\/v2\/posts"}],"about":[{"href":"https:\/\/hospizverein-wattenscheid.de\/neu\/wp-json\/wp\/v2\/types\/post"}],"author":[{"embeddable":true,"href":"https:\/\/hospizverein-wattenscheid.de\/neu\/wp-json\/wp\/v2\/users\/2"}],"replies":[{"embeddable":true,"href":"https:\/\/hospizverein-wattenscheid.de\/neu\/wp-json\/wp\/v2\/comments?post=4675"}],"version-history":[{"count":6,"href":"https:\/\/hospizverein-wattenscheid.de\/neu\/wp-json\/wp\/v2\/posts\/4675\/revisions"}],"predecessor-version":[{"id":4682,"href":"https:\/\/hospizverein-wattenscheid.de\/neu\/wp-json\/wp\/v2\/posts\/4675\/revisions\/4682"}],"wp:attachment":[{"href":"https:\/\/hospizverein-wattenscheid.de\/neu\/wp-json\/wp\/v2\/media?parent=4675"}],"wp:term":[{"taxonomy":"category","embeddable":true,"href":"https:\/\/hospizverein-wattenscheid.de\/neu\/wp-json\/wp\/v2\/categories?post=4675"},{"taxonomy":"post_tag","embeddable":true,"href":"https:\/\/hospizverein-wattenscheid.de\/neu\/wp-json\/wp\/v2\/tags?post=4675"}],"curies":[{"name":"wp","href":"https:\/\/api.w.org\/{rel}","templated":true}]}}