{"id":4698,"date":"2025-10-20T09:00:12","date_gmt":"2025-10-20T07:00:12","guid":{"rendered":"https:\/\/hospizverein-wattenscheid.de\/neu\/?p=4698"},"modified":"2025-10-20T19:29:17","modified_gmt":"2025-10-20T17:29:17","slug":"bericht-mitgliederveranstaltung-16102025","status":"publish","type":"post","link":"https:\/\/hospizverein-wattenscheid.de\/neu\/2025\/10\/20\/bericht-mitgliederveranstaltung-16102025\/","title":{"rendered":"Bericht \u00fcber die Mitgliederveranstaltung des Hospizvereins Wattenscheid e.V. am 16. Oktober 2025"},"content":{"rendered":"<p><div class=\"fusion-fullwidth fullwidth-box fusion-builder-row-1 fusion-flex-container nonhundred-percent-fullwidth non-hundred-percent-height-scrolling\" style=\"--awb-border-radius-top-left:0px;--awb-border-radius-top-right:0px;--awb-border-radius-bottom-right:0px;--awb-border-radius-bottom-left:0px;--awb-flex-wrap:wrap;\" ><div class=\"fusion-builder-row fusion-row fusion-flex-align-items-flex-start fusion-flex-content-wrap\" style=\"max-width:1331.2px;margin-left: calc(-4% \/ 2 );margin-right: calc(-4% \/ 2 );\"><div class=\"fusion-layout-column fusion_builder_column fusion-builder-column-0 fusion_builder_column_1_1 1_1 fusion-flex-column\" style=\"--awb-bg-size:cover;--awb-width-large:100%;--awb-margin-top-large:0px;--awb-spacing-right-large:1.92%;--awb-margin-bottom-large:0px;--awb-spacing-left-large:1.92%;--awb-width-medium:100%;--awb-spacing-right-medium:1.92%;--awb-spacing-left-medium:1.92%;--awb-width-small:100%;--awb-spacing-right-small:1.92%;--awb-spacing-left-small:1.92%;\"><div class=\"fusion-column-wrapper fusion-flex-justify-content-flex-start fusion-content-layout-column\"><div class=\"fusion-text fusion-text-1\"><h1 style=\"font-weight: 400;\"><strong>Bericht \u00fcber die Mitgliederveranstaltung des Hospizvereins Wattenscheid e.V. am 16. Oktober 2025<\/strong><\/h1>\n<p>Am Donnerstag, den 16. Oktober 2025, lud der Hospizverein Wattenscheid e.V. seine Mitglieder zu einer besonderen Veranstaltung in den Gemeindesaal der Propstei-Kirche St. Gertrud ein. Unter dem Motto <em>\u201eEindr\u00fccklich. Authentisch. Lebensnah.\u201c<\/em> stand ein Filmnachmittag mit anschlie\u00dfendem Austausch auf dem Programm.<\/p>\n<p>In der Einladung hie\u00df es:<br \/>\n<em>\u201eWir zeigen einen bewegenden, mehrfach preisgekr\u00f6nten Film, der uns mitten ins Leben und zugleich an seine Grenzen f\u00fchrt: \u201aHalt auf freier Strecke\u2018 begleitet einen Familienvater, bei dem ein unheilbarer Gehirntumor diagnostiziert wird. Der Film zeigt mit seltener Ehrlichkeit und Sensibilit\u00e4t, wie Menschen mit einer solchen Diagnose umgehen \u2013 und wie Liebe, Zusammenhalt und Offenheit in der schwersten Zeit Kraft geben k\u00f6nnen.\u201c<\/em><\/p>\n<p>Vor der Vorf\u00fchrung waren alle Teilnehmenden zu Kaffee und Kuchen eingeladen \u2013 eine Gelegenheit f\u00fcr erste Gespr\u00e4che in entspannter Atmosph\u00e4re.<\/p>\n<p>Leider folgten nur 14 Mitglieder der Einladung. Gemeinsam mit Begleitpersonen und den angestellten Mitarbeiterinnen des Vereins waren insgesamt 28 Personen anwesend. Trotz der \u00fcberschaubaren Zahl entwickelte sich eine dichte und bewegende Stimmung, die Raum f\u00fcr pers\u00f6nliche Gedanken und Begegnungen lie\u00df.<\/p>\n<p>Der Film <em>\u201eHalt auf freier Strecke\u201c<\/em> bewegte viele der Anwesenden tief. In der anschlie\u00dfenden Gespr\u00e4chsrunde brachten einige ihre Betroffenheit offen zum Ausdruck. Andere berichteten sehr pers\u00f6nlich von eigenen Erfahrungen in der Begleitung naher Angeh\u00f6riger am Lebensende. Es wurde deutlich, wie gro\u00df der Bedarf an Austausch \u00fcber Themen wie Krankheit, Sterben und Trauer ist \u2013 und wie wichtig ein gesch\u00fctzter Rahmen ist, um \u00fcber diese Erfahrungen zu sprechen.<\/p>\n<p>Mehrere Teilnehmerinnen und Teilnehmer hoben hervor, wie bedeutend eine einf\u00fchlsame Begleitung von schwerstkranken Menschen ist \u2013 nicht nur f\u00fcr die Betroffenen selbst, sondern auch f\u00fcr deren Angeh\u00f6rige. Der offene Dialog zeigte einmal mehr, dass der Hospizverein nicht nur praktische Hilfe leistet, sondern auch ein Ort der Begegnung, des Zuh\u00f6rens und des Verstehens ist.<\/p>\n<p>Auch wenn sich die Mitarbeitenden eine h\u00f6here Beteiligung gew\u00fcnscht h\u00e4tten, war die Veranstaltung inhaltlich wie menschlich sehr gelungen. Sie bot nicht nur einen intensiven Filmnachmittag, sondern auch einen wertvollen Raum f\u00fcr Reflexion, Austausch und Gemeinschaft \u2013 ganz im Sinne der hospizlichen Grundhaltung.<\/p>\n<\/div><div class=\"fusion-image-element \" style=\"text-align:center;--awb-caption-title-font-family:var(--h2_typography-font-family);--awb-caption-title-font-weight:var(--h2_typography-font-weight);--awb-caption-title-font-style:var(--h2_typography-font-style);--awb-caption-title-size:var(--h2_typography-font-size);--awb-caption-title-transform:var(--h2_typography-text-transform);--awb-caption-title-line-height:var(--h2_typography-line-height);--awb-caption-title-letter-spacing:var(--h2_typography-letter-spacing);\"><span class=\" fusion-imageframe imageframe-none imageframe-1 hover-type-none\"><img decoding=\"async\" width=\"500\" height=\"710\" title=\"Halt_klein\" src=\"https:\/\/hospizverein-wattenscheid.de\/neu\/wp-content\/uploads\/2025\/10\/Halt_klein.png\" alt class=\"img-responsive wp-image-4709\" srcset=\"https:\/\/hospizverein-wattenscheid.de\/neu\/wp-content\/uploads\/2025\/10\/Halt_klein-200x284.png 200w, https:\/\/hospizverein-wattenscheid.de\/neu\/wp-content\/uploads\/2025\/10\/Halt_klein-400x568.png 400w, https:\/\/hospizverein-wattenscheid.de\/neu\/wp-content\/uploads\/2025\/10\/Halt_klein.png 500w\" sizes=\"(max-width: 640px) 100vw, 500px\" \/><\/span><\/div><div class=\"fusion-separator fusion-full-width-sep\" style=\"align-self: center;margin-left: auto;margin-right: auto;margin-top:25px;margin-bottom:25px;width:100%;\"><\/div>\n<\/div><\/div><\/div><\/div><div class=\"fusion-fullwidth fullwidth-box fusion-builder-row-2 fusion-flex-container nonhundred-percent-fullwidth non-hundred-percent-height-scrolling\" style=\"--awb-border-radius-top-left:0px;--awb-border-radius-top-right:0px;--awb-border-radius-bottom-right:0px;--awb-border-radius-bottom-left:0px;--awb-padding-top:0px;--awb-padding-right:15%;--awb-padding-bottom:25px;--awb-padding-left:15%;--awb-margin-top:0px;--awb-flex-wrap:wrap;\" ><div class=\"fusion-builder-row fusion-row fusion-flex-align-items-flex-start fusion-flex-content-wrap\" style=\"max-width:1331.2px;margin-left: calc(-4% \/ 2 );margin-right: calc(-4% \/ 2 );\"><div class=\"fusion-layout-column fusion_builder_column fusion-builder-column-1 fusion_builder_column_1_1 1_1 fusion-flex-column\" style=\"--awb-bg-size:cover;--awb-width-large:100%;--awb-margin-top-large:0px;--awb-spacing-right-large:1.92%;--awb-margin-bottom-large:0px;--awb-spacing-left-large:1.92%;--awb-width-medium:100%;--awb-spacing-right-medium:1.92%;--awb-spacing-left-medium:1.92%;--awb-width-small:100%;--awb-spacing-right-small:1.92%;--awb-spacing-left-small:1.92%;\"><div class=\"fusion-column-wrapper fusion-flex-justify-content-flex-start fusion-content-layout-column\"><div style=\"text-align:center;\"><a class=\"fusion-button button-flat fusion-button-default-size button-default fusion-button-default button-1 fusion-button-default-span fusion-button-default-type\" target=\"_self\" href=\"https:\/\/hospizverein-wattenscheid.de\/neu\/aktuelles\/eigene-informationen\/\"><span class=\"fusion-button-text awb-button__text awb-button__text--default\">Zur\u00fcck zur \u00dcbersicht<\/span><\/a><\/div><\/div><\/div><\/div><\/div><\/p>\n","protected":false},"excerpt":{"rendered":"","protected":false},"author":2,"featured_media":4709,"comment_status":"open","ping_status":"open","sticky":false,"template":"","format":"standard","meta":{"_bbp_topic_count":0,"_bbp_reply_count":0,"_bbp_total_topic_count":0,"_bbp_total_reply_count":0,"_bbp_voice_count":0,"_bbp_anonymous_reply_count":0,"_bbp_topic_count_hidden":0,"_bbp_reply_count_hidden":0,"_bbp_forum_subforum_count":0,"footnotes":""},"categories":[19],"tags":[],"class_list":["post-4698","post","type-post","status-publish","format-standard","has-post-thumbnail","hentry","category-eigene-mitteilungen"],"_links":{"self":[{"href":"https:\/\/hospizverein-wattenscheid.de\/neu\/wp-json\/wp\/v2\/posts\/4698","targetHints":{"allow":["GET"]}}],"collection":[{"href":"https:\/\/hospizverein-wattenscheid.de\/neu\/wp-json\/wp\/v2\/posts"}],"about":[{"href":"https:\/\/hospizverein-wattenscheid.de\/neu\/wp-json\/wp\/v2\/types\/post"}],"author":[{"embeddable":true,"href":"https:\/\/hospizverein-wattenscheid.de\/neu\/wp-json\/wp\/v2\/users\/2"}],"replies":[{"embeddable":true,"href":"https:\/\/hospizverein-wattenscheid.de\/neu\/wp-json\/wp\/v2\/comments?post=4698"}],"version-history":[{"count":9,"href":"https:\/\/hospizverein-wattenscheid.de\/neu\/wp-json\/wp\/v2\/posts\/4698\/revisions"}],"predecessor-version":[{"id":4711,"href":"https:\/\/hospizverein-wattenscheid.de\/neu\/wp-json\/wp\/v2\/posts\/4698\/revisions\/4711"}],"wp:featuredmedia":[{"embeddable":true,"href":"https:\/\/hospizverein-wattenscheid.de\/neu\/wp-json\/wp\/v2\/media\/4709"}],"wp:attachment":[{"href":"https:\/\/hospizverein-wattenscheid.de\/neu\/wp-json\/wp\/v2\/media?parent=4698"}],"wp:term":[{"taxonomy":"category","embeddable":true,"href":"https:\/\/hospizverein-wattenscheid.de\/neu\/wp-json\/wp\/v2\/categories?post=4698"},{"taxonomy":"post_tag","embeddable":true,"href":"https:\/\/hospizverein-wattenscheid.de\/neu\/wp-json\/wp\/v2\/tags?post=4698"}],"curies":[{"name":"wp","href":"https:\/\/api.w.org\/{rel}","templated":true}]}}